{"id":5604,"date":"2025-03-26T17:40:42","date_gmt":"2025-03-26T20:40:42","guid":{"rendered":"https:\/\/amitypet.com.br\/www\/?p=5604"},"modified":"2025-04-03T16:11:37","modified_gmt":"2025-04-03T19:11:37","slug":"lancamento-do-blog","status":"publish","type":"post","link":"https:\/\/amitypet.com.br\/www\/lancamento-do-blog\/","title":{"rendered":"Lan\u00e7amento do Blog"},"content":{"rendered":"\n<h2 class=\"wp-block-heading\">Lan\u00e7amento do Blog Amity Pet: Acompanhe Tudo Sobre o Bem-Estar do Seu Pet! \ud83d\udc3e\ud83d\udcda<\/h2>\n\n\n\n<p>\u00c9 com muito entusiasmo que anunciamos o lan\u00e7amento do nosso blog Amity Pet! Aqui, vamos compartilhar dicas, informa\u00e7\u00f5es e novidades para ajudar voc\u00ea a cuidar melhor do seu pet. \ud83d\udc36\ud83d\udc31<\/p>\n\n\n\n<p>A cada semana, traremos conte\u00fados interessantes e \u00fateis para melhorar a sa\u00fade e o bem-estar do seu companheiro. E para come\u00e7ar com chave de ouro, vamos abordar um tema muito importante para os tutores de pets: Mal-estar: Como saber se o cachorro est\u00e1 com febre? \ud83e\udd12\ud83c\udf21\ufe0f<\/p>\n\n\n\n<h3 class=\"wp-block-heading\">Febre em c\u00e3es: Como identificar?<\/h3>\n\n\n\n<p>Assim como n\u00f3s, os c\u00e3es tamb\u00e9m podem sentir mal-estar e, em alguns casos, apresentar febre. Reconhecer esse sintoma a tempo \u00e9 essencial para garantir que seu pet receba o atendimento adequado. Aqui, voc\u00ea vai aprender a identificar sinais de febre e o que fazer para cuidar do seu amigo de quatro patas.<\/p>\n\n\n\n<h3 class=\"wp-block-heading\">Qual temperatura \u00e9 considerada febre em cachorro?<\/h3>\n\n\n\n<p>Para saber se o pet est\u00e1 com febre, \u00e9 preciso entender qual a temperatura normal de um cachorro. J\u00e1 percebeu que eles s\u00e3o um pouco mais quentes? Isso porque a temperatura do c\u00e3o saud\u00e1vel, em condi\u00e7\u00f5es normais, varia de 37,5 a 39,3 \u00b0C \u2014 um pouco mais acima da do ser humano, que \u00e9 de 36 a 36,7 \u00b0C.<\/p>\n\n\n\n<p>Quando a temperatura de cachorro com febre estiver acima de 41 \u00b0C, \u00e9 um pouco mais preocupante, pois pode come\u00e7ar a afetar o funcionamento do organismo. Por isso, a temperatura precisa ser monitorada com cuidado.<\/p>\n\n\n\n<h3 class=\"wp-block-heading\">Como saber se cachorro est\u00e1 com febre?<\/h3>\n\n\n\n<p>O uso do term\u00f4metro \u00e9 o meio mais eficaz na d\u00favida de como saber se o cachorro est\u00e1 com febre. No caso dos c\u00e3es, o term\u00f4metro \u00e9 introduzido via retal, por isso, n\u00e3o \u00e9 aconselh\u00e1vel fazer isso em casa, sem supervis\u00e3o do m\u00e9dico-veterin\u00e1rio, j\u00e1 que pode acabar machucando o pet.<\/p>\n\n\n\n<p>Al\u00e9m disso, o term\u00f4metro de uso veterin\u00e1rio \u00e9 diferente daquele utilizado na medicina humana, com uma haste flex\u00edvel que diminui o desconforto e o risco de les\u00f5es.<\/p>\n\n\n\n<p>H\u00e1, tamb\u00e9m, o term\u00f4metro a laser, que mede a temperatura cut\u00e2nea e perif\u00e9rica. Esse m\u00e9todo \u00e9 menos invasivo, mas tem suas limita\u00e7\u00f5es e n\u00e3o substitui o uso do term\u00f4metro retal para uma avalia\u00e7\u00e3o mais fidedigna.<\/p>\n\n\n\n<h3 class=\"wp-block-heading\">Sintomas de febre em c\u00e3es<\/h3>\n\n\n\n<p>Fique atento aos sintomas de cachorro com febre. Os principais s\u00e3o:<\/p>\n\n\n\n<ul class=\"wp-block-list\">\n<li>Apatia<\/li>\n\n\n\n<li>Sonol\u00eancia<\/li>\n\n\n\n<li>Falta de apetite<\/li>\n\n\n\n<li>Tremores<\/li>\n\n\n\n<li>V\u00f4mitos<\/li>\n\n\n\n<li>Diarreia<\/li>\n\n\n\n<li>Corpo mais quente, especialmente as orelhas<\/li>\n\n\n\n<li>Ingest\u00e3o excessiva de \u00e1gua<\/li>\n\n\n\n<li>Aumento da frequ\u00eancia respirat\u00f3ria<\/li>\n\n\n\n<li>Aumento da frequ\u00eancia card\u00edaca<\/li>\n<\/ul>\n\n\n\n<h3 class=\"wp-block-heading\">O focinho quente e seco \u00e9 sinal de febre?<\/h3>\n\n\n\n<p>Existe uma grande cren\u00e7a popular de que a maneira mais eficaz de como descobrir se o cachorro est\u00e1 com febre sem o uso do term\u00f4metro \u00e9 por meio do focinho quente e seco. No entanto, essa n\u00e3o \u00e9 uma maneira confi\u00e1vel. O focinho pode variar de temperatura dependendo do grau de atividade f\u00edsica, temperatura ambiente ou at\u00e9 mesmo da circula\u00e7\u00e3o sangu\u00ednea do pet em determinado momento.<\/p>\n\n\n\n<p>Portanto, somente essa altera\u00e7\u00e3o n\u00e3o \u00e9 suficiente para determinar se o pet est\u00e1 com febre, devendo ser associada a outros sintomas.<\/p>\n\n\n\n<h3 class=\"wp-block-heading\">O que pode causar febre em cachorro?<\/h3>\n\n\n\n<p>A febre n\u00e3o \u00e9 uma doen\u00e7a em si, mas uma resposta do organismo. Entre as doen\u00e7as que podem provocar febre em cachorro est\u00e3o:<\/p>\n\n\n\n<ul class=\"wp-block-list\">\n<li>Doen\u00e7as infectocontagiosas<\/li>\n\n\n\n<li>Otites<\/li>\n\n\n\n<li>Infec\u00e7\u00f5es urin\u00e1rias<\/li>\n\n\n\n<li>Problemas dent\u00e1rios<\/li>\n\n\n\n<li>Intoxica\u00e7\u00f5es<\/li>\n<\/ul>\n\n\n\n<p>Outra situa\u00e7\u00e3o bastante comum que pode causar febre em cachorros \u00e9 a vacina\u00e7\u00e3o, especialmente quando realizada pela primeira vez. Essa \u00e9 uma rea\u00e7\u00e3o esperada e transit\u00f3ria, que normalmente se resolve sozinha, dentro de 24 horas.<\/p>\n\n\n\n<p>A hipertermia tamb\u00e9m pode ser gerada por insola\u00e7\u00e3o, por exemplo, quando o pet sai para passear em dias e hor\u00e1rios mais quentes. A temperatura tende a subir rapidamente e, se for de forma abrupta, compromete o funcionamento do organismo.<\/p>\n\n\n\n<h3 class=\"wp-block-heading\">O que fazer quando o cachorro est\u00e1 com febre?<\/h3>\n\n\n\n<p>Agora que voc\u00ea j\u00e1 aprendeu como saber se o cachorro est\u00e1 com febre, n\u00e3o hesite em lev\u00e1-lo ao m\u00e9dico-veterin\u00e1rio para que a causa do problema seja identificada. Lembre-se de que, como um sintoma inespec\u00edfico, a febre pode ser sinal de problemas mais graves.<\/p>\n\n\n\n<p>O profissional n\u00e3o s\u00f3 saber\u00e1 o que dar para o cachorro com febre, mas tamb\u00e9m a quantidade e a frequ\u00eancia do antit\u00e9rmico escolhido. Lembre-se que o uso indiscriminado de medicamentos e superdosagens pode prejudicar ainda mais o quadro cl\u00ednico do pet.<\/p>\n\n\n\n<p>Fique ligado no nosso blog para mais informa\u00e7\u00f5es, dicas e novidades sobre a sa\u00fade e o bem-estar do seu pet! Estamos aqui para ajudar voc\u00ea a proporcionar o melhor para o seu amigo peludo!<\/p>\n","protected":false},"excerpt":{"rendered":"<p>Lan\u00e7amento do Blog Amity Pet: Acompanhe Tudo Sobre o Bem-Estar do Seu Pet! \ud83d\udc3e\ud83d\udcda \u00c9 com muito entusiasmo que anunciamos o lan\u00e7amento do nosso blog Amity Pet! Aqui, vamos compartilhar dicas, informa\u00e7\u00f5es e novidades para ajudar voc\u00ea a cuidar melhor do seu pet. \ud83d\udc36\ud83d\udc31 A cada semana, traremos conte\u00fados interessantes e \u00fateis para melhorar a [&hellip;]<\/p>\n","protected":false},"author":3,"featured_media":5647,"comment_status":"closed","ping_status":"closed","sticky":false,"template":"","format":"standard","meta":{"footnotes":""},"categories":[8],"tags":[],"class_list":["post-5604","post","type-post","status-publish","format-standard","has-post-thumbnail","hentry","category-lancamento"],"_links":{"self":[{"href":"https:\/\/amitypet.com.br\/www\/wp-json\/wp\/v2\/posts\/5604","targetHints":{"allow":["GET"]}}],"collection":[{"href":"https:\/\/amitypet.com.br\/www\/wp-json\/wp\/v2\/posts"}],"about":[{"href":"https:\/\/amitypet.com.br\/www\/wp-json\/wp\/v2\/types\/post"}],"author":[{"embeddable":true,"href":"https:\/\/amitypet.com.br\/www\/wp-json\/wp\/v2\/users\/3"}],"replies":[{"embeddable":true,"href":"https:\/\/amitypet.com.br\/www\/wp-json\/wp\/v2\/comments?post=5604"}],"version-history":[{"count":3,"href":"https:\/\/amitypet.com.br\/www\/wp-json\/wp\/v2\/posts\/5604\/revisions"}],"predecessor-version":[{"id":5608,"href":"https:\/\/amitypet.com.br\/www\/wp-json\/wp\/v2\/posts\/5604\/revisions\/5608"}],"wp:featuredmedia":[{"embeddable":true,"href":"https:\/\/amitypet.com.br\/www\/wp-json\/wp\/v2\/media\/5647"}],"wp:attachment":[{"href":"https:\/\/amitypet.com.br\/www\/wp-json\/wp\/v2\/media?parent=5604"}],"wp:term":[{"taxonomy":"category","embeddable":true,"href":"https:\/\/amitypet.com.br\/www\/wp-json\/wp\/v2\/categories?post=5604"},{"taxonomy":"post_tag","embeddable":true,"href":"https:\/\/amitypet.com.br\/www\/wp-json\/wp\/v2\/tags?post=5604"}],"curies":[{"name":"wp","href":"https:\/\/api.w.org\/{rel}","templated":true}]}}